{"tema_id":"2649","string":"Racismo","created":"2020-09-18 17:43:04","code":null,"notes":[{"@type":"Nota de escopo","@lang":"ab","@value":"Usado para obras que tratam do racismo como posicionamento, bem como do comportamento abertamente descriminat\u00f3rio dirigidos aos grupos raciais ou \u00e9tnicos. "},{"@type":"Defini\u00e7\u00e3o","@lang":"ab","@value":"O racismo \u00e9 a cren\u00e7a de que os membros de cada ra\u00e7a possuem caracter\u00edsticas, habilidades ou qualidades espec\u00edficas dessa ra\u00e7a e, portanto, algumas ra\u00e7as s\u00e3o superiores \u00e0s outras. (...) Pode levar a discrimina\u00e7\u00e3o ou preconceito com base na ra\u00e7a, causando efeitos adversos como escravid\u00e3o, guerras e xenofobia.$uhttps:\/\/www.diferenca.com\/preconceito-racismo-e-discriminacao\/ "},{"@type":"MARC Header","@lang":"ab","@value":"=900  \\$aVCB "},{"@type":"MARC Header","@lang":"ab","@value":"=901  SEN10000000000000000212227 "},{"@type":"MARC Header","@lang":"ab","@value":"=908  180920da|azn||babn\\\\\\\\\\\nana\\\\d "},{"@type":"MARC Header","@lang":"ab","@value":"=BAS  \\$a300 - Ci\u00eancias Sociais - Sociologia "},{"@type":"MARC Header","@lang":"ab","@value":"=BAS  \\$a320 - Ci\u00eancia Pol\u00edtica - Sistemas de Governo, Estado "},{"@type":"MARC Header","@lang":"ab","@value":"=BAS  \\$a341.5 - Direito Penal "},{"@type":"MARC Header","@lang":"ab","@value":"=BAS  \\$a360 - Problemas e Servi\u00e7os Sociais "},{"@type":"MARC Header","@lang":"ab","@value":"=CAT  \\$aSENGER1$b30$c20200916$lSEN10$h2039 "},{"@type":"Equival\u00eancia CDD","@lang":"ab","@value":"305.8 "},{"@type":"Equival\u00eancia CDD","@lang":"ab","@value":"320.569 "},{"@type":"Equival\u00eancia CDD","@lang":"ab","@value":"364.089 "},{"@type":"Equival\u00eancia CDDir","@lang":"ab","@value":"341.55632 "}]}