{"tema_id":"272","string":"Desconsidera\u00e7\u00e3o da personalidade jur\u00eddica","created":"2020-09-18 17:42:57","code":null,"notes":[{"@type":"MARC Header","@lang":"ab","@value":"=900  \\$aVCB "},{"@type":"MARC Header","@lang":"ab","@value":"=900  \\$aVCB$9vcetcu "},{"@type":"MARC Header","@lang":"ab","@value":"=901  SEN10000000000000000204511 "},{"@type":"MARC Header","@lang":"ab","@value":"=908  180920da|azn||babn\\\\\\\\\\\nana\\\\d "},{"@type":"MARC Header","@lang":"ab","@value":"=BAS  \\$a340 - Direito$9basvce "},{"@type":"MARC Header","@lang":"ab","@value":"=BAS  \\$a342.1 - Direito Civil "},{"@type":"MARC Header","@lang":"ab","@value":"=CAT  \\$aSENGER1$b30$c20200916$lSEN10$h2036 "},{"@type":"Equival\u00eancia CDDir","@lang":"ab","@value":"342.119 "}]}