{"tema_id":"27307","string":"Supress\u00e3o de contribui\u00e7\u00e3o social","created":"2020-09-18 17:50:10","code":null,"notes":[{"@type":"MARC Header","@lang":"ab","@value":"=900  \\$aVCB "},{"@type":"MARC Header","@lang":"ab","@value":"=901  SEN10000000000000000477279 "},{"@type":"MARC Header","@lang":"ab","@value":"=908  200915da|azn||babn\\\\\\\\\\\\ana\\\\d "},{"@type":"MARC Header","@lang":"ab","@value":"=CAT  \\$aSENDIMAS$b30$c20200915$lSEN10$h2325 "},{"@type":"MARC Header","@lang":"ab","@value":"=BAS $a341.39 - Direito Tribut\u00e1rio "},{"@type":"Equival\u00eancia CDDir","@lang":"ab","@value":"341.395 "}]}