{"tema_id":"28396","string":"Extrema-direita","created":"2021-07-19 11:52:44","code":null,"notes":[{"@type":"Defini\u00e7\u00e3o","@lang":"pt-BR","@value":"A pol\u00edtica de extrema-direita, tamb\u00e9m referida como extrema-direita ou extremismo de direita, \u00e9 a pol\u00edtica mais \u00e0 direita do espectro pol\u00edtico de esquerda-direita do que a direita padr\u00e3o, particularmente em termos de ideologias e tend\u00eancias anticomunistas, autorit\u00e1rias, nacionalistas extremas e nativistas.$uhttps:\/\/www.google.com\/url?sa=t&amp;rct=j&amp;q=&amp;esrc=s&amp;source=web&amp;cd=&amp;cad=rja&amp;uact=8&amp;ved=2ahUKEwiWx5Otse_xAhXGr5UCHd4fCaQQmhMwIHoECCQQAg&amp;url=https%3A%2F%2Fpt.wikipedia.org%2Fwiki%2FExtrema-direita&amp;usg=AOvVaw2QpmxwCkftax9SQlMZ1OjW "},{"@type":"MARC Header","@lang":"pt-BR","@value":"=670 $aEurovoc, 19\/07\/2021 "},{"@type":"MARC Header","@lang":"pt-BR","@value":"=750 7$aExtrema-direita$2Eurovoc "},{"@type":"MARC Header","@lang":"pt-BR","@value":"=BAS \\$a320 - Ci\u00eancia Pol\u00edtica - Sistemas de Governo, Estado "},{"@type":"MARC Header","@lang":"pt-BR","@value":"=901 \u00a0000000000000000477932 "},{"@type":"MARC Header","@lang":"pt-BR","@value":"=908 220630da|azn||babn^^^^^^^^^^^n^ana^^^^^d "}]}