{"tema_id":"29086","string":"Organiza\u00e7\u00e3o do trabalho","created":"2022-05-22 14:41:53","code":null,"modified":"2022-05-22 21:27:27","notes":[{"@type":"Defini\u00e7\u00e3o","@lang":"pt-BR","@value":"A organiza\u00e7\u00e3o do trabalho constitui uma dimens\u00e3o significativa do \u201ctrabalho\u201d entendido como toda atividade social e historicamente condicionada \u2013 e, portanto, mut\u00e1vel \u2013 orientada \u00e0 satisfa\u00e7\u00e3o de necessidades individuais e coletivas, que combina de diversas maneiras o esfor\u00e7o f\u00edsico e mental, cujas formas e conte\u00fados sup\u00f5em modos de relacionamento dos seres humanos entre si, da humanidade com a natureza, e que implicam uma determinada, provis\u00f3ria, din\u00e2mica e conflituosa divis\u00e3o sexual, t\u00e9cnica, social e tecnol\u00f3gica em fun\u00e7\u00e3o dos objetivos da reprodu\u00e7\u00e3o da vida material e simb\u00f3lica da nossa esp\u00e9cie e no nosso planeta.$uhttps:\/\/gestrado.net.br\/verbetes\/organizacao-do-trabalho\/ "},{"@type":"MARC Header","@lang":"pt-BR","@value":"=BAS $a330 - Economia - Recursos Naturais, Ind\u00fastria "},{"@type":"MARC Header","@lang":"pt-BR","@value":"=901 SEN10000000000000000490807 "},{"@type":"MARC Header","@lang":"pt-BR","@value":"=908 \u00a0220530da|azznnbabn^^^^^^^^^^^^^a^a^^^^^d "},{"@type":"Equival\u00eancia CDD","@lang":"pt-BR","@value":"331 "}]}