{"tema_id":"29355","string":"Fator de risco ocupacional","created":"2023-02-26 10:38:42","code":null,"notes":[{"@type":"Defini\u00e7\u00e3o","@lang":"pt-BR","@value":"Elemento que isoladamente ou em combina\u00e7\u00e3o com outros tem o potencial intr\u00ednseco de dar origem a les\u00f5es ou agravos \u00e0 sa\u00fade.$vOLIVEIRA, Denise Soares. "},{"@type":"MARC Header","@lang":"pt-BR","@value":"=BAS $a360 - Problemas e Servi\u00e7os Sociais "},{"@type":"MARC Header","@lang":"pt-BR","@value":"=901 \u00a0SEN10000000000000000502077 "},{"@type":"Equival\u00eancia CDD","@lang":"pt-BR","@value":"363.11 "}]}