{"tema_id":"29397","string":"Judicializa\u00e7\u00e3o da pol\u00edtica de assist\u00eancia farmac\u00eautica","created":"2023-03-09 12:41:24","code":null}