{"tema_id":"29752","string":"Ado\u00e7\u00e3o p\u00f3stuma","created":"2024-07-26 21:39:30","code":null,"notes":[{"@type":"Defini\u00e7\u00e3o","@lang":"pt-BR","@value":"Ado\u00e7\u00e3o p\u00f3stuma ou ado\u00e7\u00e3o post mortem \u00e9 aquela em que o adotante falece no curso do procedimento, ou seja, antes de prolatada a senten\u00e7a de ado\u00e7\u00e3o o mesmo vem a \u00f3bito sem ter a chance de ver concretizado legalmente seu desejo em adotar.\u2063$uhttps:\/\/eduardoribeiroadvocacia.com.br\/blog\/marcela-priscila-da-silva\/post\/voce-sabe-o-que-e-adocao-postuma "},{"@type":"MARC Header","@lang":"pt-BR","@value":"=908 240730da|azznnbabn^^^^^^^^^^^n^ana^^^^^d "},{"@type":"MARC Header","@lang":"pt-BR","@value":"=901 SEN10000000000000000560205 "},{"@type":"MARC Header","@lang":"pt-BR","@value":"=BAS $a342.16 - Direito de fam\u00edlia "},{"@type":"Equival\u00eancia CDDir","@lang":"pt-BR","@value":"342.16331 "}]}