{"tema_id":"299","string":"Cassa\u00e7\u00e3o de mandato","created":"2020-09-18 17:42:57","code":null,"notes":[{"@type":"Defini\u00e7\u00e3o","@lang":"ab","@value":"Cessa\u00e7\u00e3o do mandato parlamentar aplic\u00e1vel aos parlamentares que incorrem nas situa\u00e7\u00f5es previstas na Constitui\u00e7\u00e3o Federal, CF, art. 55; RICD arts. 21-F, par\u00e1grafo \u00fanico, 32, IV, \u201cp\u201d, 109, III, \u201ca\u201d, 238, III; RISF, arts. 32 a 35; RSF 20\/1993.$uhttps:\/\/www.congressonacional.leg.br\/legislacao-e-publicacoes\/glossario\/-\/definicoes\/termo\/perda_de_mandato "},{"@type":"MARC Header","@lang":"ab","@value":"=900  \\$aVCB "},{"@type":"MARC Header","@lang":"ab","@value":"=901  SEN10000000000000000202655 "},{"@type":"MARC Header","@lang":"ab","@value":"=908  180920da|azn||babn\\\\\\\\\\\nana\\\\d "},{"@type":"MARC Header","@lang":"ab","@value":"=BAS  \\$a341.2 - Direito Constitucional "},{"@type":"MARC Header","@lang":"ab","@value":"=CAT  \\$aSENGER1$b30$c20200916$lSEN10$h2036 "},{"@type":"Equival\u00eancia CDDir","@lang":"ab","@value":"341.2534 "}]}