{"tema_id":"337","string":"Inclus\u00e3o social","created":"2020-09-18 17:42:57","code":null,"notes":[{"@type":"Defini\u00e7\u00e3o","@lang":"ab","@value":"A\u00e7\u00e3o pela qual os exclu\u00eddos, atrav\u00e9s da participa\u00e7\u00e3o em a\u00e7\u00f5es coletivas, s\u00e3o capazes de recuperar sua dignidade e conseguem, al\u00e9m de emprego e renda, acesso \u00e0 moradia decente, facilidades culturais e servi\u00e7os sociais, como educa\u00e7\u00e3o e sa\u00fade \u00adRATTNER. "},{"@type":"MARC Header","@lang":"ab","@value":"=750  7$aInclus\u00e3o social$2USP "},{"@type":"MARC Header","@lang":"ab","@value":"=900  \\$aVCB "},{"@type":"MARC Header","@lang":"ab","@value":"=900  \\$aVCB$9tci-ibict "},{"@type":"MARC Header","@lang":"ab","@value":"=900  \\$aVCB$9vcetcu "},{"@type":"MARC Header","@lang":"ab","@value":"=901  SEN10000000000000000207967 "},{"@type":"MARC Header","@lang":"ab","@value":"=908  180920da|azn||babn\\\\\\\\\\\nana\\\\d "},{"@type":"MARC Header","@lang":"ab","@value":"=BAS  \\$a360 - Problemas e Servi\u00e7os Sociais "},{"@type":"MARC Header","@lang":"ab","@value":"=BAS  \\$a364 - Assist\u00eancia Social, Previd\u00eancia Social e Trabalho$9basvce "},{"@type":"MARC Header","@lang":"ab","@value":"=BAS  \\$aCAT: 6.2.2 Pol\u00edticas e a\u00e7\u00f5es de informa\u00e7\u00e3o "},{"@type":"MARC Header","@lang":"ab","@value":"=CAT  \\$aSENGER1$b30$c20200916$lSEN10$h2038 "},{"@type":"Equival\u00eancia CDD","@lang":"ab","@value":"361.61 "}]}