{"tema_id":"3633","string":"Sa\u00fade do idoso","created":"2020-09-18 17:43:07","code":null,"notes":[{"@type":"Defini\u00e7\u00e3o","@lang":"ab","@value":"Refere-se \u00e0 sa\u00fade e bem-estar das pessoas de idade avan\u00e7ada e \u00e0 presta\u00e7\u00e3o de cuidados da sa\u00fade adaptados aos problemas especiais dessas pessoas. "},{"@type":"MARC Header","@lang":"ab","@value":"=750  7$aSa\u00fade do idoso$2DeCS "},{"@type":"MARC Header","@lang":"ab","@value":"=900  \\$aVCB "},{"@type":"MARC Header","@lang":"ab","@value":"=901  SEN10000000000000000213081 "},{"@type":"MARC Header","@lang":"ab","@value":"=908  180920da|azn||babn\\\\\\\\\\\nana\\\\d "},{"@type":"MARC Header","@lang":"ab","@value":"=BAS  \\$a360 - Problemas e Servi\u00e7os Sociais "},{"@type":"MARC Header","@lang":"ab","@value":"=CAT  \\$aSENGER1$b30$c20200916$lSEN10$h2039 "},{"@type":"Equival\u00eancia CDD","@lang":"ab","@value":"362.6 "}]}