{"tema_id":"3686","string":"Sa\u00fade","created":"2020-09-18 17:43:08","code":null,"notes":[{"@type":"Defini\u00e7\u00e3o","@lang":"ab","@value":"A Organiza\u00e7\u00e3o Mundial de Sa\u00fade (OMS) prop\u00f5e, em sua Carta Magna de 7 de abril de 1948, um conceito de Sa\u00fade subjetivo e idealizado: \"Sa\u00fade \u00e9 um estado de completo bem-estar f\u00edsico, mental e social e n\u00e3o apenas a aus\u00eancia de afec\u00e7\u00e3o ou doen\u00e7a\". A VIII Confer\u00eancia Nacional de Sa\u00fade, realizada em Bras\u00edlia, divulga o seguinte conceito de Sa\u00fade: \"Sa\u00fade \u00e9 a resultante das condi\u00e7\u00f5es de alimenta\u00e7\u00e3o, habita\u00e7\u00e3o; educa\u00e7\u00e3o, renda, meio ambiente, trabalho, emprego, lazer, liberdad. Acesso e posse da terra. Acessos aos servi\u00e7os de sa\u00fade, \u00e9 assim antes de tudo, o resultado das formas de organiza\u00e7\u00e3o social\".$vGON\u00c7ALVES, Clarisvan do Couto. Pequeno gloss\u00e1rio de termos de sa\u00fade p\u00fablica. "},{"@type":"MARC Header","@lang":"ab","@value":"=670  \\$aVocabul\u00e1rio de Controle Externo do TCU (VCE), 5\/06\/2018$uhttps:\/\/contas.tcu.gov.br\/ords\/f?p=1678:10:46540481858::NO::: "},{"@type":"MARC Header","@lang":"ab","@value":"=750  $aHealth "},{"@type":"MARC Header","@lang":"ab","@value":"=900  \\$aVCB "},{"@type":"MARC Header","@lang":"ab","@value":"=900  \\$aVCB$9vcetcu "},{"@type":"MARC Header","@lang":"ab","@value":"=901  SEN10000000000000000213072 "},{"@type":"MARC Header","@lang":"ab","@value":"=908  180920da|azn||babn\\\\\\\\\\\nana\\\\d "},{"@type":"MARC Header","@lang":"ab","@value":"=BAS  \\$a610 - Medicina "},{"@type":"MARC Header","@lang":"ab","@value":"=BAS  \\$a614 - Sa\u00fade$9basvce "},{"@type":"MARC Header","@lang":"ab","@value":"=CAT  \\$aSENGER1$b30$c20200916$lSEN10$h2039 "},{"@type":"Equival\u00eancia CDD","@lang":"ab","@value":"613 "}]}