{"tema_id":"3767","string":"Pessoa jur\u00eddica de direito privado","created":"2020-09-18 17:43:08","code":null,"notes":[{"@type":"Defini\u00e7\u00e3o","@lang":"pt-BR","@value":"As pessoas jur\u00eddicas de direito privado v\u00eam enumeradas no art. 44 da Lei n.\u00ba 10.406, de 10.01.2002, que institui o atual\u00a0C\u00f3digo Civil.\u00a0Assim s\u00e3o pessoas jur\u00eddicas de direito\u00a0privado as associa\u00e7\u00f5es, as sociedades, as funda\u00e7\u00f5es, as organiza\u00e7\u00f5es religiosas, os partidos pol\u00edticos e as EIRELIs.$uhttp:\/\/genjuridico.com.br\/2019\/12\/09\/classificacao-das-pessoas-juridicas\/ "},{"@type":"MARC Header","@lang":"ab","@value":"=670  \\$aVocabul\u00e1rio de Controle Externo do TCU (VCE), 5\/06\/2018$uhttps:\/\/contas.tcu.gov.br\/ords\/f?p=1678:10:46540481858::NO::: "},{"@type":"MARC Header","@lang":"ab","@value":"=900  \\$aVCB$9vcetcu "},{"@type":"MARC Header","@lang":"ab","@value":"=901  SEN10000000000000000205749 "},{"@type":"MARC Header","@lang":"ab","@value":"=908  180920da|azn||babn\\\\\\\\\\\nana\\\\d "},{"@type":"MARC Header","@lang":"ab","@value":"=BAS  \\$a336 - Economia, Finan\u00e7as e Or\u00e7amento p\u00fablicos$9basvce "},{"@type":"MARC Header","@lang":"ab","@value":"=BAS  \\$a340 - Direito$9basvce "},{"@type":"MARC Header","@lang":"ab","@value":"=BAS  \\$a352.53 - Licita\u00e7\u00f5es e contratos administrativos$9basvce "},{"@type":"MARC Header","@lang":"ab","@value":"=CAT  \\$aSENGER1$b30$c20200916$lSEN10$h2039 "}]}