{"tema_id":"3855","string":"Sa\u00fade p\u00fablica","created":"2020-09-18 17:43:08","code":null,"notes":[{"@type":"Defini\u00e7\u00e3o","@lang":"ab","@value":"Ramo da medicina voltado para a preven\u00e7\u00e3o e o controle de doen\u00e7as e defici\u00eancias, e para a promo\u00e7\u00e3o da sa\u00fade f\u00edsica e mental da popula\u00e7\u00e3o tanto nos n\u00edveis internacional e nacional, como no estadual ou municipal.$vDESCRITORES em Ci\u00eancias da Sa\u00fade. "},{"@type":"MARC Header","@lang":"ab","@value":"=670  \\$aVocabul\u00e1rio de Controle Externo do TCU (VCE), 5\/06\/2018$uhttps:\/\/contas.tcu.gov.br\/ords\/f?p=1678:10:46540481858::NO::: "},{"@type":"MARC Header","@lang":"ab","@value":"=900  \\$aVCB "},{"@type":"MARC Header","@lang":"ab","@value":"=900  \\$aVCB$9vcetcu "},{"@type":"MARC Header","@lang":"ab","@value":"=901  SEN10000000000000000213088 "},{"@type":"MARC Header","@lang":"ab","@value":"=908  180920da|azn||babn\\\\\\\\\\\nana\\\\d "},{"@type":"MARC Header","@lang":"ab","@value":"=BAS  \\$a360 - Problemas e Servi\u00e7os Sociais "},{"@type":"MARC Header","@lang":"ab","@value":"=BAS  \\$a614 - Sa\u00fade$9basvce "},{"@type":"MARC Header","@lang":"ab","@value":"=CAT  \\$aSENGER1$b30$c20200916$lSEN10$h2039 "},{"@type":"Equival\u00eancia CDD","@lang":"ab","@value":"362.1 "}]}