{"tema_id":"4247","string":"Contador (profiss\u00e3o)","created":"2020-09-18 17:43:10","code":null,"notes":[{"@type":"Nota de escopo","@lang":"ab","@value":"Usar quando tratar de profissionais com bacharelado. "},{"@type":"Defini\u00e7\u00e3o","@lang":"ab","@value":"Bacharel formado em ci\u00eancias cont\u00e1beis e legalmente habilitado para exercer as prerrogativas profissionais de respons\u00e1vel t\u00e9cnico pela contabilidade de empresas privadas e p\u00fablicas.$vFERREIRA, Aur\u00e9lio Buarque de Holanda. Novo Dicion\u00e1rio Aur\u00e9lio da L\u00edngua Portuguesa "},{"@type":"MARC Header","@lang":"ab","@value":"=900  \\$aVCB "},{"@type":"MARC Header","@lang":"ab","@value":"=900  \\$aVCB$9vcetcu "},{"@type":"MARC Header","@lang":"ab","@value":"=901  SEN10000000000000000203601 "},{"@type":"MARC Header","@lang":"ab","@value":"=908  180920da|azn||babn\\\\\\\\\\\nana\\\\d "},{"@type":"MARC Header","@lang":"ab","@value":"=BAS  \\$a336 - Economia, Finan\u00e7as e Or\u00e7amento p\u00fablicos$9basvce "},{"@type":"MARC Header","@lang":"ab","@value":"=BAS  \\$aProfiss\u00f5es "},{"@type":"MARC Header","@lang":"ab","@value":"=CAT  \\$aSENGER1$b30$c20200916$lSEN10$h2036 "},{"@type":"Equival\u00eancia CDD","@lang":"ab","@value":"657 "}]}