{"tema_id":"428","string":"Diss\u00eddio coletivo","created":"2020-09-18 17:42:57","code":null,"notes":[{"@type":"Defini\u00e7\u00e3o","@lang":"ab","@value":"Lit\u00edgio entre grupos de empregados e empregadores, titulares de direito, representados por suas respectivas associa\u00e7\u00f5es de classe, que s\u00e3o entidades legitimadas para o processo. Envolve interesses abstratos de categorias profissionais ou econ\u00f4micas. "},{"@type":"Defini\u00e7\u00e3o","@lang":"ab","@value":"Lit\u00edgio entre grupos de empregados e empregadores, titulares de direito, representados por suas respectivas associa\u00e7\u00f5es de classe, que s\u00e3o entidades legitimadas para o processo. Envolve interessesabstratos de categorias profissionais ou econ\u00f4micas. (VCB) "},{"@type":"MARC Header","@lang":"ab","@value":"=900  \\$aVCB "},{"@type":"MARC Header","@lang":"ab","@value":"=900  \\$aVCB$9vcetcu "},{"@type":"MARC Header","@lang":"ab","@value":"=901  SEN10000000000000000205080 "},{"@type":"MARC Header","@lang":"ab","@value":"=908  180920da|azn||babn\\\\\\\\\\\nana\\\\d "},{"@type":"MARC Header","@lang":"ab","@value":"=BAS  \\$a342.68 - Processo do Trabalho "},{"@type":"MARC Header","@lang":"ab","@value":"=BAS  \\$a364 - Assist\u00eancia Social, Previd\u00eancia Social e Trabalho$9basvce "},{"@type":"MARC Header","@lang":"ab","@value":"=CAT  \\$aSENGER1$b30$c20200916$lSEN10$h2037 "},{"@type":"Equival\u00eancia CDDir","@lang":"ab","@value":"342.68 "}]}