{"tema_id":"4485","string":"Autoriza\u00e7\u00e3o de uso","created":"2020-09-18 17:43:11","code":null,"notes":[{"@type":"Defini\u00e7\u00e3o","@lang":"ab","@value":"Ato unilateral, discricion\u00e1rio e prec\u00e1rio pelo qual a Administra\u00e7\u00e3o consente na pr\u00e1tica de determinada atividade individual incidente sobre um bem p\u00fablico.$vLIMA, M\u00e1rcia Rosa de. A concess\u00e3o de direito real de uso como instrumento jur\u00eddico de defesa do patrim\u00f4nio p\u00fablico e implementa\u00e7\u00e3o da pol\u00edtica local. "},{"@type":"MARC Header","@lang":"ab","@value":"=670  \\$aVocabul\u00e1rio de Controle Externo do TCU (VCE), 5\/06\/2018$uhttps:\/\/contas.tcu.gov.br\/ords\/f?p=1678:10:46540481858::NO::: "},{"@type":"MARC Header","@lang":"ab","@value":"=900  \\$aVCB$9vcetcu "},{"@type":"MARC Header","@lang":"ab","@value":"=901  SEN10000000000000000201943 "},{"@type":"MARC Header","@lang":"ab","@value":"=908  180920da|azn||babn\\\\\\\\\\\nana\\\\d "},{"@type":"MARC Header","@lang":"ab","@value":"=BAS  \\$a338.925 - Desestatiza\u00e7\u00e3o$9basvce "},{"@type":"MARC Header","@lang":"ab","@value":"=BAS  \\$a350 - Administra\u00e7\u00e3o P\u00fablica$9basvce "},{"@type":"MARC Header","@lang":"ab","@value":"=CAT  \\$aSENGER1$b30$c20200916$lSEN10$h2035 "}]}