{"tema_id":"4518","string":"Empregado","created":"2020-09-18 17:43:11","code":null,"notes":[{"@type":"Defini\u00e7\u00e3o","@lang":"ab","@value":"Pessoa f\u00edsica que presta pessoalmente a outrem servi\u00e7os n\u00e3o eventuais, subordinados e assalariados. 'Considera-se empregado toda pessoa f\u00edsica que prestar servi\u00e7os de natureza n\u00e3o eventual a empregador, sob depend\u00eancia deste e mediante sal\u00e1rio' (CLT, art. 3\u00ba)$vCENTRAL JUR\u00cdDICA. "},{"@type":"MARC Header","@lang":"ab","@value":"=900  \\$aVCB "},{"@type":"MARC Header","@lang":"ab","@value":"=900  \\$aVCB$9vcetcu "},{"@type":"MARC Header","@lang":"ab","@value":"=901  SEN10000000000000000205515 "},{"@type":"MARC Header","@lang":"ab","@value":"=908  180920da|azn||babn\\\\\\\\\\\nana\\\\d "},{"@type":"MARC Header","@lang":"ab","@value":"=BAS  \\$a342.6 - Direito do Trabalho "},{"@type":"MARC Header","@lang":"ab","@value":"=BAS  \\$a364 - Assist\u00eancia Social, Previd\u00eancia Social e Trabalho$9basvce "},{"@type":"MARC Header","@lang":"ab","@value":"=CAT  \\$aSENGER1$b30$c20200916$lSEN10$h2037 "},{"@type":"Equival\u00eancia CDDir","@lang":"ab","@value":"342.653 "}]}