{"tema_id":"4529","string":"Im\u00f3vel funcional","created":"2020-09-18 17:43:12","code":null,"notes":[{"@type":"MARC Header","@lang":"ab","@value":"=900  \\$aVCB "},{"@type":"MARC Header","@lang":"ab","@value":"=900  \\$aVCB$9vcetcu "},{"@type":"MARC Header","@lang":"ab","@value":"=901  SEN10000000000000000207848 "},{"@type":"MARC Header","@lang":"ab","@value":"=908  180920da|azn||babn\\\\\\\\\\\nana\\\\d "},{"@type":"MARC Header","@lang":"ab","@value":"=BAS  \\$a341.3 - Direito Administrativo "},{"@type":"MARC Header","@lang":"ab","@value":"=BAS  \\$a350 - Administra\u00e7\u00e3o P\u00fablica "},{"@type":"MARC Header","@lang":"ab","@value":"=BAS  \\$a350 - Administra\u00e7\u00e3o P\u00fablica$9basvce "},{"@type":"MARC Header","@lang":"ab","@value":"=CAT  \\$aSENGER1$b30$c20200916$lSEN10$h2038 "}]}