{"tema_id":"4622","string":"Aviso pr\u00e9vio","created":"2020-09-18 17:43:12","code":null,"notes":[{"@type":"Defini\u00e7\u00e3o","@lang":"ab","@value":"Aviso pr\u00e9vio \u00e9 a comunica\u00e7\u00e3o da rescis\u00e3o do contrato de trabalho por uma das partes, empregador ou empregado, que decide extingui-lo, com a anteced\u00eancia que estiver obrigada por for\u00e7a de lei. Pode-se conceitu\u00e1-lo, tamb\u00e9m, como a den\u00fancia do contrato de trabalho por prazo indeterminado, objetivando fixar o seu termo final.$vGUIA trabalhista. "},{"@type":"MARC Header","@lang":"ab","@value":"=900  \\$aVCB "},{"@type":"MARC Header","@lang":"ab","@value":"=900  \\$aVCB$9vcetcu "},{"@type":"MARC Header","@lang":"ab","@value":"=901  SEN10000000000000000201997 "},{"@type":"MARC Header","@lang":"ab","@value":"=908  180920da|azn||babn\\\\\\\\\\\nana\\\\d "},{"@type":"MARC Header","@lang":"ab","@value":"=BAS  \\$a342.6 - Direito do Trabalho "},{"@type":"MARC Header","@lang":"ab","@value":"=BAS  \\$a364 - Assist\u00eancia Social, Previd\u00eancia Social e Trabalho$9basvce "},{"@type":"MARC Header","@lang":"ab","@value":"=CAT  \\$aSENGER1$b30$c20200916$lSEN10$h2035 "},{"@type":"Equival\u00eancia CDDir","@lang":"ab","@value":"342.6529 "}]}