{"tema_id":"5202","string":"Biblioteca escolar","created":"2020-09-18 17:43:15","code":null,"notes":[{"@type":"Defini\u00e7\u00e3o","@lang":"ab","@value":"Biblioteca que atua como \u00f3rg\u00e3o auxiliar e complementar \u00e0 escola, facilitando. Acesso de alunos e professores ao material bibliogr\u00e1fico.$vUNIVERSIDADE DE BRAS\u00cdLIA. Gloss\u00e1rio da Faculdade de Ci\u00eancia da Informa\u00e7\u00e3o. "},{"@type":"MARC Header","@lang":"ab","@value":"=900  \\$aVCB "},{"@type":"MARC Header","@lang":"ab","@value":"=900  \\$aVCB$9tci-ibict "},{"@type":"MARC Header","@lang":"ab","@value":"=900  \\$aVCB$9vcetcu "},{"@type":"MARC Header","@lang":"ab","@value":"=901  SEN10000000000000000202202 "},{"@type":"MARC Header","@lang":"ab","@value":"=908  180920da|azn||babn\\\\\\\\\\\nana\\\\d "},{"@type":"MARC Header","@lang":"ab","@value":"=BAS  \\$a020 - Biblioteconomia e Ci\u00eancia da Informa\u00e7\u00e3o "},{"@type":"MARC Header","@lang":"ab","@value":"=BAS  \\$a370 - Educa\u00e7\u00e3o$9basvce "},{"@type":"MARC Header","@lang":"ab","@value":"=BAS  \\$a500 - Ci\u00eancia e Tecnologia$9basvce "},{"@type":"MARC Header","@lang":"ab","@value":"=BAS  \\$aCAT: 3.1 Gest\u00e3o de Bibliotecas e Recursos de Informa\u00e7\u00e3o "},{"@type":"MARC Header","@lang":"ab","@value":"=CAT  \\$aSENGER1$b30$c20200916$lSEN10$h2036 "},{"@type":"Equival\u00eancia CDD","@lang":"ab","@value":"027.8 "}]}