{"tema_id":"5345","string":"Princ\u00edpio da precau\u00e7\u00e3o","created":"2020-09-18 17:43:16","code":null,"notes":[{"@type":"Defini\u00e7\u00e3o","@lang":"ab","@value":"Garantia contra os riscos potenciais que, de acordo com o estado atual do conhecimento, n\u00e3o podem ser ainda identificados (GODIM, Jos\u00e9 Roberto). "},{"@type":"Defini\u00e7\u00e3o","@lang":"ab","@value":"Segundo a Declara\u00e7\u00e3o do Rio\/92 sobre Meio Ambiente e Desenvolvimento Sustent\u00e1vel: Para que o ambiente seja protegido, ser\u00e3o aplicadas pelos Estados, de acordo com as suas capacidades, medidas preventivas. Onde existam amea\u00e7as de riscos s\u00e9rios ou irrevers\u00edveis, n\u00e3o ser\u00e1 utilizada a falta de certeza cient\u00edfica total como raz\u00e3o para o adiamento de medidas eficazes, em termos de custo, para evitar a degrada\u00e7\u00e3o ambiental.$vBRASIL. Minist\u00e9rio do Meio Ambiente. Princ\u00edpio da precau\u00e7\u00e3o. "},{"@type":"MARC Header","@lang":"ab","@value":"=750  7$aPrinc\u00edpio da precau\u00e7\u00e3o$2Eurovoc "},{"@type":"MARC Header","@lang":"ab","@value":"=900  \\$aVCB "},{"@type":"MARC Header","@lang":"ab","@value":"=900  \\$aVCB$9vcetcu "},{"@type":"MARC Header","@lang":"ab","@value":"=901  SEN10000000000000000211596 "},{"@type":"MARC Header","@lang":"ab","@value":"=908  180920da|azn||babn\\\\\\\\\\\nana\\\\d "},{"@type":"MARC Header","@lang":"ab","@value":"=BAS  \\$a340.1 - Filosofia do Direito "},{"@type":"MARC Header","@lang":"ab","@value":"=BAS  \\$a504 - Meio Ambiente$9basvce "},{"@type":"MARC Header","@lang":"ab","@value":"=CAT  \\$aSENGER1$b30$c20200916$lSEN10$h2039 "},{"@type":"Equival\u00eancia CDDir","@lang":"ab","@value":"340.1 "}]}