{"tema_id":"5473","string":"Lideran\u00e7a parlamentar","created":"2020-09-18 17:43:17","code":null,"notes":[{"@type":"Defini\u00e7\u00e3o","@lang":"ab","@value":"Composi\u00e7\u00e3o de l\u00edder e vice-l\u00edderes eleitos para condu\u00e7\u00e3o das bancadas parlamentares, sejam elas partid\u00e1rias, de blocos parlamentares, da Maioria ou da Minoria. A lideran\u00e7a do Governo \u00e9 indicada pelo Presidente da Rep\u00fablica.$vGloss\u00e1rio de Termos Legislativos "},{"@type":"MARC Header","@lang":"ab","@value":"=900  \\$aVCB$bnovos-out "},{"@type":"MARC Header","@lang":"ab","@value":"=901  SEN10000000000000000409117 "},{"@type":"MARC Header","@lang":"ab","@value":"=908  191019da|azn||babn\\\\\\\\\\\nana\\\\d "},{"@type":"MARC Header","@lang":"ab","@value":"=CAT  \\$aSENGER1$b30$c20200916$lSEN10$h2038 "}]}