{"tema_id":"5484","string":"M\u00eddia social","created":"2020-09-18 17:43:17","code":null,"notes":[{"@type":"Nota de escopo","@lang":"ab","@value":"Usar para obras sobre as m\u00eddias em que o conte\u00fado \u00e9 criado por usu\u00e1rios individuais na forma de v\u00eddeo, \u00e1udio, texto ou multim\u00eddia que \u00e9 publicado e compartilhado em um ambiente social, como blogs, wikis, podcasts, redes sociais etc. "},{"@type":"MARC Header","@lang":"ab","@value":"=750  $aSocial media "},{"@type":"MARC Header","@lang":"ab","@value":"=900  \\$aVCB "},{"@type":"MARC Header","@lang":"ab","@value":"=901  SEN10000000000000000469532 "},{"@type":"MARC Header","@lang":"ab","@value":"=908  200305da|azn||babn\\\\\\\\\\\nana\\\\d "},{"@type":"MARC Header","@lang":"ab","@value":"=CAT  \\$aSENGER1$b30$c20200916$lSEN10$h2038 "}]}