{"tema_id":"5525","string":"Cr\u00e9dito educativo","created":"2020-09-18 17:43:17","code":null,"notes":[{"@type":"Defini\u00e7\u00e3o","@lang":"ab","@value":"Programa do Governo Federal destinado a financiar estudos de n\u00edvel superior a alunos de renda familiar baixa. O aluno recebe empr\u00e9stimo para cobrir o valor real das anuidades da institui\u00e7\u00e3o privada que esteja frequentando ou para a sua manuten\u00e7\u00e3o. Ap\u00f3s a gradua\u00e7\u00e3o, tem um ano de prazo de car\u00eancia para iniciar a amortiza\u00e7\u00e3o.$vDUARTE, S\u00e9rgio Guerra. Dicion\u00e1rio brasileiro de educa\u00e7\u00e3o. Rio de Janeiro: Edi\u00e7\u00f5es Antares: Nobel, 1986. 175 p. "},{"@type":"MARC Header","@lang":"ab","@value":"=670  \\$aVocabul\u00e1rio de Controle Externo do TCU (VCE), 5\/06\/2018$uhttps:\/\/contas.tcu.gov.br\/ords\/f?p=1678:10:46540481858::NO::: "},{"@type":"MARC Header","@lang":"ab","@value":"=900  \\$aVCB "},{"@type":"MARC Header","@lang":"ab","@value":"=900  \\$aVCB$9vcetcu "},{"@type":"MARC Header","@lang":"ab","@value":"=901  SEN10000000000000000203960 "},{"@type":"MARC Header","@lang":"ab","@value":"=908  180920da|azn||babn\\\\\\\\\\\nana\\\\d "},{"@type":"MARC Header","@lang":"ab","@value":"=BAS  \\$a370 - Educa\u00e7\u00e3o "},{"@type":"MARC Header","@lang":"ab","@value":"=BAS  \\$a370 - Educa\u00e7\u00e3o$9basvce "},{"@type":"MARC Header","@lang":"ab","@value":"=CAT  \\$aSENGER1$b30$c20200916$lSEN10$h2036 "}]}