{"tema_id":"5648","string":"Brigada de inc\u00eandio","created":"2020-09-18 17:43:18","code":null,"notes":[{"@type":"Defini\u00e7\u00e3o","@lang":"ab","@value":"Grupo organizado de pessoas, volunt\u00e1rias ou n\u00e3o, treinadas e capacitadas em preven\u00e7\u00e3o e combate a inc\u00eandios e primeiros socorros, para atua\u00e7\u00e3o em edifica\u00e7\u00f5es ou \u00e1reas de risco.$vS\u00c3O PAULO. Secretaria de Estado dos Neg\u00f3cios da Seguran\u00e7a P\u00fablica. Instru\u00e7\u00e3o t\u00e9cnica n\u00ba 3, de 2011. "},{"@type":"MARC Header","@lang":"ab","@value":"=670  \\$aVocabul\u00e1rio de Controle Externo do TCU (VCE), 5\/06\/2018$uhttps:\/\/contas.tcu.gov.br\/ords\/f?p=1678:10:46540481858::NO::: "},{"@type":"MARC Header","@lang":"ab","@value":"=900  \\$aVCB$9vcetcu "},{"@type":"MARC Header","@lang":"ab","@value":"=901  SEN10000000000000000202353 "},{"@type":"MARC Header","@lang":"ab","@value":"=908  180920da|azn||babn\\\\\\\\\\\nana\\\\d "},{"@type":"MARC Header","@lang":"ab","@value":"=BAS  \\$a353 - Defesa Nacional e Seguran\u00e7a P\u00fablica$9basvce "},{"@type":"MARC Header","@lang":"ab","@value":"=BAS  \\$a504 - Meio Ambiente$9basvce "},{"@type":"MARC Header","@lang":"ab","@value":"=CAT  \\$aSENGER1$b30$c20200916$lSEN10$h2036 "}]}