{"tema_id":"6182","string":"Par\u00e2metros curriculares nacionais","created":"2020-09-18 17:43:20","code":null,"notes":[{"@type":"Defini\u00e7\u00e3o","@lang":"ab","@value":"Estabelecem a carga hor\u00e1ria m\u00ednima, os conte\u00fados curriculares m\u00ednimos, as habilita\u00e7\u00f5es e compet\u00eancias b\u00e1sicas e o tratamento de temas transversais necess\u00e1rios para a forma\u00e7\u00e3o integral do aluno.$vTHESAURUS Brasileiro de Educa\u00e7\u00e3o. "},{"@type":"MARC Header","@lang":"ab","@value":"=900  \\$aVCB$9vcetcu "},{"@type":"MARC Header","@lang":"ab","@value":"=901  SEN10000000000000000210684 "},{"@type":"MARC Header","@lang":"ab","@value":"=908  180920da|azn||babn\\\\\\\\\\\nana\\\\d "},{"@type":"MARC Header","@lang":"ab","@value":"=BAS  \\$a370 - Educa\u00e7\u00e3o$9basvce "},{"@type":"MARC Header","@lang":"ab","@value":"=CAT  \\$aSENGER1$b30$c20200916$lSEN10$h2039 "}]}