{"tema_id":"6398","string":"Nexo de causalidade","created":"2020-09-18 17:43:21","code":null,"notes":[{"@type":"Defini\u00e7\u00e3o","@lang":"ab","@value":"V\u00ednculo f\u00e1tico que liga o efeito \u00e0 causa, ou seja, \u00e9 a comprova\u00e7\u00e3o de que houve dano efetivo, motivado por a\u00e7\u00e3o, volunt\u00e1ria, neglig\u00eancia ou imprud\u00eancia daquele que causou o dano.$uhttp:\/\/www.normaslegais.com.br\/juridico\/nexo-causal.htm#:~:text=NEXO%20CAUSAL&amp;text=O%20nexo%20de%20causalidade%20%C3%A9,daquele%20que%20causou%20o%20dano. "},{"@type":"MARC Header","@lang":"ab","@value":"=900  \\$aVCB$9vcetcu "},{"@type":"MARC Header","@lang":"ab","@value":"=901  SEN10000000000000000210240 "},{"@type":"MARC Header","@lang":"ab","@value":"=908  180920da|azn||babn\\\\\\\\\\\nana\\\\d "},{"@type":"MARC Header","@lang":"ab","@value":"=BAS  \\$a328.3456 - Controle Externo$9basvce "},{"@type":"MARC Header","@lang":"ab","@value":"=BAS  \\$a340 - Direito$9basvce "},{"@type":"MARC Header","@lang":"ab","@value":"=CAT  \\$aSENGER1$b30$c20200916$lSEN10$h2038 "}]}