{"tema_id":"652","string":"Espa\u00e7o acess\u00edvel","created":"2020-09-18 17:42:58","code":null,"notes":[{"@type":"Defini\u00e7\u00e3o","@lang":"ab","@value":"Espa\u00e7o que pode ser percebido e utilizado em sua totalidade por todas as pessoas, inclusive aquelas com mobilidade reduzida.$vABNT NBR 9050:2004 "},{"@type":"MARC Header","@lang":"ab","@value":"=900  \\$aVCB "},{"@type":"MARC Header","@lang":"ab","@value":"=901  SEN10000000000000000469437 "},{"@type":"MARC Header","@lang":"ab","@value":"=908  200305da|azn||babn\\\\\\\\\\\nana\\\\d "},{"@type":"MARC Header","@lang":"ab","@value":"=BAS  \\$a360 - Problemas e Servi\u00e7os Sociais "},{"@type":"MARC Header","@lang":"ab","@value":"=BAS  \\$a710 - Arquitetura e urbanismo "},{"@type":"MARC Header","@lang":"ab","@value":"=CAT  \\$aSENGER1$b30$c20200916$lSEN10$h2037 "},{"@type":"Equival\u00eancia CDD","@lang":"ab","@value":"362.1 "}]}