{"tema_id":"6609","string":"Liberdade de pensamento","created":"2020-09-18 17:43:22","code":null,"notes":[{"@type":"MARC Header","@lang":"ab","@value":"=900  \\$aVCB "},{"@type":"MARC Header","@lang":"ab","@value":"=900  \\$aVCB$9tci-ibict "},{"@type":"MARC Header","@lang":"ab","@value":"=901  SEN10000000000000000209169 "},{"@type":"MARC Header","@lang":"ab","@value":"=908  180920da|azn||babn\\\\\\\\\\\nana\\\\d "},{"@type":"MARC Header","@lang":"ab","@value":"=BAS  \\$a341.2 - Direito Constitucional "},{"@type":"MARC Header","@lang":"ab","@value":"=BAS  \\$aCAT: 6.2.1 Direito \u00e0 informa\u00e7\u00e3o e propriedade intelectual "},{"@type":"MARC Header","@lang":"ab","@value":"=CAT  \\$aSENGER1$b30$c20200916$lSEN10$h2038 "},{"@type":"Equival\u00eancia CDDir","@lang":"ab","@value":"341.2727 "}]}