{"tema_id":"667","string":"Audiodescri\u00e7\u00e3o","created":"2020-09-18 17:42:58","code":null,"notes":[{"@type":"Defini\u00e7\u00e3o","@lang":"ab","@value":"Recurso de acessibilidade comunicacional por meio do qual profissionais habilitados tecnicamente (audiodescritores) descrevem oralmente, para pessoas cegas ou com defici\u00eancia visual, imagens, \"lacunas informacionais n\u00e3o aud\u00edveis\" e outros elementos complementares que os olhos podem ver mas que n\u00e3o s\u00e3o explicitados, relativos a produtos que promovam a arte e a educa\u00e7\u00e3o. Tem por objetivo favorecer e ampliar o acesso a contextos culturais e contribuir, consequentemente, para a inclus\u00e3o social daquele p\u00fablico, recorrendo a tecnologia assistiva-inclusiva praticada ao vivo ou previamente gravada que vem sendo difundida por todo o mundo desde os anos 1980 em teatro, cinema, televis\u00e3o, shows e exposi\u00e7\u00f5es de artes e, mais recentemente, conquista tamb\u00e9m o ambiente escolar \u00adMATTOSO. "},{"@type":"MARC Header","@lang":"ab","@value":"=900  \\$aVCB$9tci-ibict "},{"@type":"MARC Header","@lang":"ab","@value":"=901  SEN10000000000000000201851 "},{"@type":"MARC Header","@lang":"ab","@value":"=908  180920da|azn||babn\\\\\\\\\\\nana\\\\d "},{"@type":"MARC Header","@lang":"ab","@value":"=BAS  \\$aCAT: 6.2 Transfer\u00eancia e Acesso \u00e0 Informa\u00e7\u00e3o "},{"@type":"MARC Header","@lang":"ab","@value":"=CAT  \\$aSENGER1$b30$c20200916$lSEN10$h2035 "}]}