{"tema_id":"681","string":"Direitos sociais","created":"2020-09-18 17:42:58","code":null,"notes":[{"@type":"Defini\u00e7\u00e3o","@lang":"ab","@value":"Direitos previstos no Artigo 6.\u00ba, Cap\u00edtulo II, da Constitui\u00e7\u00e3o Federal de 1988: educa\u00e7\u00e3o, sa\u00fade, alimenta\u00e7\u00e3o, trabalho, moradia, transporte, lazer, seguran\u00e7a, previd\u00eancia social, prote\u00e7\u00e3o \u00e0 maternidade e \u00e0 inf\u00e2ncia, assist\u00eancia aos desamparados. "},{"@type":"Defini\u00e7\u00e3o","@lang":"ab","@value":"S\u00e3o direitos fundamentas do homem, caracterizando-se como verdadeiras liberdades positivas, de observ\u00e2ncia obrigat\u00f3ria em um Estado Social de Direito, tendo por finalidade a melhoria das condi\u00e7\u00f5es de vida aos hipossuficientes, visando \u00e0 concretiza\u00e7\u00e3o da igualdade social, e s\u00e3o consagrados como fundamentos do Estado democr\u00e1tico, pelo art. 1\u00ba, IV, da Constitui\u00e7\u00e3o Federal.$vMORAES, Alexandre de. Direitos Sociais. Os direitos sociais: direitos humanos e fundamentais. "},{"@type":"MARC Header","@lang":"ab","@value":"=750  7$aDireito social$2STF "},{"@type":"MARC Header","@lang":"ab","@value":"=750  7$aDireitos sociais$2THES "},{"@type":"MARC Header","@lang":"ab","@value":"=900  \\$aVCB "},{"@type":"MARC Header","@lang":"ab","@value":"=900  \\$aVCB$9vcetcu "},{"@type":"MARC Header","@lang":"ab","@value":"=901  SEN10000000000000000205026 "},{"@type":"MARC Header","@lang":"ab","@value":"=908  180920da|azn||babn\\\\\\\\\\\nana\\\\d "},{"@type":"MARC Header","@lang":"ab","@value":"=BAS  \\$a340 - Direito$9basvce "},{"@type":"MARC Header","@lang":"ab","@value":"=BAS  \\$a341.2 - Direito Constitucional "},{"@type":"MARC Header","@lang":"ab","@value":"=CAT  \\$aSENGER1$b30$c20200916$lSEN10$h2037 "},{"@type":"Equival\u00eancia CDDir","@lang":"ab","@value":"341.27 "}]}