{"tema_id":"6895","string":"Educa\u00e7\u00e3o inclusiva","created":"2020-09-18 17:43:23","code":null,"notes":[{"@type":"Defini\u00e7\u00e3o","@lang":"ab","@value":"Aquela que promove. Acesso igualit\u00e1rio a todos, independentemente de ra\u00e7a, credo, defici\u00eancias, grupos sociais, assegurando o exerc\u00edcio pleno da cidadania.$vCIRANDA - Central de Not\u00edcias dos Direitos da Inf\u00e2ncia e Adolesc\u00eancia. Gloss\u00e1rio. "},{"@type":"MARC Header","@lang":"ab","@value":"=670  \\$aVocabul\u00e1rio de Controle Externo do TCU (VCE), 5\/06\/2018$uhttps:\/\/contas.tcu.gov.br\/ords\/f?p=1678:10:46540481858::NO::: "},{"@type":"MARC Header","@lang":"ab","@value":"=900  \\$aVCB$9vcetcu "},{"@type":"MARC Header","@lang":"ab","@value":"=901  SEN10000000000000000205384 "},{"@type":"MARC Header","@lang":"ab","@value":"=908  180920da|azn||babn\\\\\\\\\\\nana\\\\d "},{"@type":"MARC Header","@lang":"ab","@value":"=BAS  \\$a370 - Educa\u00e7\u00e3o$9basvce "},{"@type":"MARC Header","@lang":"ab","@value":"=CAT  \\$aSENGER1$b30$c20200916$lSEN10$h2037 "}]}