{"tema_id":"700","string":"Justi\u00e7a comunit\u00e1ria","created":"2020-09-18 17:42:58","code":null,"notes":[{"@type":"Defini\u00e7\u00e3o","@lang":"ab","@value":"\"Medida com potencial para concretizar o acesso \u00e1 justi\u00e7a e consolidar as a\u00e7\u00f5es de descentraliza\u00e7\u00e3o, participa\u00e7\u00e3o e democratiza\u00e7\u00e3o da administra\u00e7\u00e3o da justi\u00e7a\" (ANTUNES, 2008). "},{"@type":"MARC Header","@lang":"ab","@value":"=900  \\$aVCB "},{"@type":"MARC Header","@lang":"ab","@value":"=901  SEN10000000000000000208977 "},{"@type":"MARC Header","@lang":"ab","@value":"=908  180920da|azn||babn\\\\\\\\\\\nana\\\\d "},{"@type":"MARC Header","@lang":"ab","@value":"=BAS  \\$a341.2 - Direito Constitucional "},{"@type":"MARC Header","@lang":"ab","@value":"=CAT  \\$aSENGER1$b30$c20200916$lSEN10$h2038 "},{"@type":"Equival\u00eancia CDDir","@lang":"ab","@value":"341.2723 "}]}