{"tema_id":"753","string":"Calamidade p\u00fablica","created":"2020-09-18 17:42:58","code":null,"notes":[{"@type":"Defini\u00e7\u00e3o","@lang":"ab","@value":"Reconhecimento legal pelo poder p\u00fablico de situa\u00e7\u00e3o anormal, provocada por desastres, causando s\u00e9rios danos \u00e0 comunidade afetada, inclusive \u00e0 incolumidade e \u00e0 vida de seus integrantes.$vBRASIL. Minist\u00e9rio do Planejamento e Or\u00e7amento. Gloss\u00e1rio de defesa civil, estudo de riscos e medicina de desastres. "},{"@type":"MARC Header","@lang":"ab","@value":"=900  \\$aVCB "},{"@type":"MARC Header","@lang":"ab","@value":"=900  \\$aVCB$9vcetcu "},{"@type":"MARC Header","@lang":"ab","@value":"=901  SEN10000000000000000202437 "},{"@type":"MARC Header","@lang":"ab","@value":"=908  180920da|azn||babn\\\\\\\\\\\nana\\\\d "},{"@type":"MARC Header","@lang":"ab","@value":"=BAS  \\$a341.5 - Direito Penal "},{"@type":"MARC Header","@lang":"ab","@value":"=BAS  \\$a352.53 - Licita\u00e7\u00f5es e contratos administrativos$9basvce "},{"@type":"MARC Header","@lang":"ab","@value":"=BAS  \\$a353 - Defesa Nacional e Seguran\u00e7a P\u00fablica$9basvce "},{"@type":"MARC Header","@lang":"ab","@value":"=CAT  \\$aSENGER1$b30$c20200916$lSEN10$h2036 "},{"@type":"Equival\u00eancia CDDir","@lang":"ab","@value":"341.52354 "}]}