{"tema_id":"7578","string":"Comunidade ind\u00edgena","created":"2020-09-18 17:43:28","code":null,"notes":[{"@type":"Defini\u00e7\u00e3o","@lang":"ab","@value":"Conjunto de fam\u00edlias ou comunidades \u00edndias, quer vivendo em estado de completo isolamento em rela\u00e7\u00e3o aos outros setores da comunh\u00e3o nacional, quer em contatos intermitentes ou permanentes, sem contudo estarem neles integrados.$vBRASIL. Minist\u00e9rio P\u00fablico Federal.O que \u00e9 lixo org\u00e2nico e inorg\u00e2nico. "},{"@type":"MARC Header","@lang":"ab","@value":"=900  \\$aVCB "},{"@type":"MARC Header","@lang":"ab","@value":"=900  \\$aVCB$9vcetcu "},{"@type":"MARC Header","@lang":"ab","@value":"=901  SEN10000000000000000203311 "},{"@type":"MARC Header","@lang":"ab","@value":"=908  180920da|azn||babn\\\\\\\\\\\nana\\\\d "},{"@type":"MARC Header","@lang":"ab","@value":"=BAS  \\$a300 - Ci\u00eancias Sociais - Antropologia "},{"@type":"MARC Header","@lang":"ab","@value":"=BAS  \\$a504 - Meio Ambiente$9basvce "},{"@type":"MARC Header","@lang":"ab","@value":"=CAT  \\$aSENGER1$b30$c20200916$lSEN10$h2036 "}]}