{"tema_id":"785","string":"Seguridade social","created":"2020-09-18 17:42:58","code":null,"notes":[{"@type":"Defini\u00e7\u00e3o","@lang":"ab","@value":"A Seguridade Social compreende um conjunto integrado de a\u00e7\u00f5es de iniciativa dos poderes p\u00fablicos e da sociedade, destinado a assegurar o direito relativo \u00e0 sa\u00fade, \u00e0 previd\u00eancia e \u00e0 assist\u00eancia social.$vBRASIL. Lei n\u00ba 8.212, de 24 de julho de 1991. "},{"@type":"Defini\u00e7\u00e3o","@lang":"ab","@value":"Conjunto de medidas consagradas na Constitui\u00e7\u00e3o de 1988 que visam a prote\u00e7\u00e3o dos direitos individuais e coletivos concernentes \u00e0 sa\u00fade, \u00e0 previd\u00eancia e \u00e0 assist\u00eancia social. "},{"@type":"MARC Header","@lang":"ab","@value":"=670  \\$aVocabul\u00e1rio de Controle Externo do TCU (VCE), 5\/06\/2018$uhttps:\/\/contas.tcu.gov.br\/ords\/f?p=1678:10:46540481858::NO::: "},{"@type":"MARC Header","@lang":"ab","@value":"=900  \\$aVCB "},{"@type":"MARC Header","@lang":"ab","@value":"=900  \\$aVCB$9vcetcu "},{"@type":"MARC Header","@lang":"ab","@value":"=901  SEN10000000000000000213148 "},{"@type":"MARC Header","@lang":"ab","@value":"=908  180920da|azn||babn\\\\\\\\\\\nana\\\\d "},{"@type":"MARC Header","@lang":"ab","@value":"=BAS  \\$a341.6 - Direito Previdenci\u00e1rio "},{"@type":"MARC Header","@lang":"ab","@value":"=BAS  \\$a364 - Assist\u00eancia Social, Previd\u00eancia Social e Trabalho$9basvce "},{"@type":"MARC Header","@lang":"ab","@value":"=CAT  \\$aSENGER1$b30$c20200916$lSEN10$h2039 "},{"@type":"Equival\u00eancia CDDir","@lang":"ab","@value":"341.61 "}]}