{"tema_id":"799","string":"Reabilita\u00e7\u00e3o profissional","created":"2020-09-18 17:42:58","code":null,"notes":[{"@type":"Defini\u00e7\u00e3o","@lang":"ab","@value":"A reabilita\u00e7\u00e3o profissional \u00e9 um servi\u00e7o da Previd\u00eancia Social, prestado pelo INSS, de car\u00e1ter obrigat\u00f3rio, com o objetivo de proporcionar os meios de reeduca\u00e7\u00e3o ou readapta\u00e7\u00e3o profissionalpara o retorno ao mercado de trabalho dos segurados incapacitados por doen\u00e7a ou acidente.$vBRASIL. Minist\u00e9rio da Previd\u00eancia Social. Reabilita\u00e7\u00e3o profissional. "},{"@type":"MARC Header","@lang":"ab","@value":"=900  \\$aVCB "},{"@type":"MARC Header","@lang":"ab","@value":"=900  \\$aVCB$9vcetcu "},{"@type":"MARC Header","@lang":"ab","@value":"=901  SEN10000000000000000212268 "},{"@type":"MARC Header","@lang":"ab","@value":"=908  180920da|azn||babn\\\\\\\\\\\nana\\\\d "},{"@type":"MARC Header","@lang":"ab","@value":"=BAS  \\$a341.6 - Direito Previdenci\u00e1rio "},{"@type":"MARC Header","@lang":"ab","@value":"=BAS  \\$a364 - Assist\u00eancia Social, Previd\u00eancia Social e Trabalho$9basvce "},{"@type":"MARC Header","@lang":"ab","@value":"=CAT  \\$aSENGER1$b30$c20200916$lSEN10$h2039 "},{"@type":"Equival\u00eancia CDDir","@lang":"ab","@value":"341.623538 "}]}