{"tema_id":"8076","string":"Discurso pol\u00edtico","created":"2020-09-18 17:43:33","code":null,"notes":[{"@type":"Nota de escopo","@lang":"pt-BR","@value":"Usar no campo 650 quando for assunto do texto como, por exemplo, obras com cr\u00edticas e interpreta\u00e7\u00f5es. Para os pr\u00f3prios discursos, usar no campo 655. "},{"@type":"Defini\u00e7\u00e3o","@lang":"ab","@value":"Discurso pronunciado no exerc\u00edcio de um cargo p\u00fablico. "},{"@type":"MARC Header","@lang":"ab","@value":"=900  \\$aVCB "},{"@type":"MARC Header","@lang":"ab","@value":"=901  SEN10000000000000000205054 "},{"@type":"MARC Header","@lang":"ab","@value":"=908  180920da|azn||babn\\\\\\\\\\\nana\\\\d "},{"@type":"MARC Header","@lang":"ab","@value":"=BAS  \\$a320 - Ci\u00eancia Pol\u00edtica - Sistemas de Governo, Estado "},{"@type":"MARC Header","@lang":"ab","@value":"=CAT  \\$aSENGER1$b30$c20200916$lSEN10$h2037 "}]}