{"tema_id":"8077","string":"P\u00f3s-verdade","created":"2020-09-18 17:43:33","code":null,"notes":[{"@type":"Nota de escopo","@lang":"pt-BR","@value":"=BAS $a170 - \u00c9tica (filosofia pr\u00e1tica) "},{"@type":"Defini\u00e7\u00e3o","@lang":"ab","@value":"Neologismo que descreve a situa\u00e7\u00e3o na qual, na hora de criar e modelar a opini\u00e3o p\u00fablica, os fatos objetivos t\u00eam menos influ\u00eancia que os apelos \u00e0s emo\u00e7\u00f5es e \u00e0s cren\u00e7as pessoais. Na cultura pol\u00edtica, se denomina pol\u00edtica da p\u00f3s-verdade (ou pol\u00edtica p\u00f3s-factual) aquela na qual o debate se enquadra em apelos emocionais, desconectando-se dos detalhes da pol\u00edtica p\u00fablica, e pela reiterada afirma\u00e7\u00e3o de pontos de discuss\u00e3o nos quais as r\u00e9plicas f\u00e1ticas - os fatos - s\u00e3o ignoradas. Resume-se como a ideia em que \"algo que aparente ser verdade \u00e9 mais importante que a pr\u00f3pria verdade\".$vWikipedia$uhttps:\/\/pt.wikipedia.org\/wiki\/P%C3%B3s-verdade "},{"@type":"MARC Header","@lang":"ab","@value":"=750  7$aPosverdad$2BNE "},{"@type":"MARC Header","@lang":"ab","@value":"=900  \\$aVCB "},{"@type":"MARC Header","@lang":"ab","@value":"=901  SEN10000000000000000409241 "},{"@type":"MARC Header","@lang":"ab","@value":"=908  191112da|azn||babn\\\\\\\\\\\nana\\\\d "},{"@type":"MARC Header","@lang":"ab","@value":"=BAS  \\$a300 - Ci\u00eancias Sociais - Sociologia "},{"@type":"MARC Header","@lang":"ab","@value":"=CAT  \\$aSENGER1$b30$c20200916$lSEN10$h2039 "},{"@type":"MARC Header","@lang":"ab-AB","@value":"=BAS $a120 - Epistemologia "},{"@type":"Equival\u00eancia CDD","@lang":"ab","@value":"121 "},{"@type":"Equival\u00eancia CDD","@lang":"ab","@value":"177.3 "},{"@type":"Equival\u00eancia CDD","@lang":"ab","@value":"302.2 "}]}