{"tema_id":"8382","string":"Conflito \u00e1rabe-israelense","created":"2020-09-18 17:43:35","code":null,"notes":[{"@type":"Nota de escopo","@lang":"ab","@value":"Usar para obras que tratam dos conflitos pol\u00edticos e militares entre \u00e1rabes e israelenses incluindo as quest\u00f5es dos direitos nacionais na \u00e1rea Palestina iniciados em 1948. Acrescentar especificador cronol\u00f3gico (ano), quando necess\u00e1rio "},{"@type":"MARC Header","@lang":"ab","@value":"=750  $aArab-Israeli conflict "},{"@type":"MARC Header","@lang":"ab","@value":"=750  7$aConflito \u00e1rabe-israelense$2BN "},{"@type":"MARC Header","@lang":"ab","@value":"=900  \\$aVCB "},{"@type":"MARC Header","@lang":"ab","@value":"=901  SEN10000000000000000203449 "},{"@type":"MARC Header","@lang":"ab","@value":"=908  180920da|azn||babn\\\\\\\\\\\nana\\\\d "},{"@type":"MARC Header","@lang":"ab","@value":"=BAS  \\$a341.1 - Direito Internacional P\u00fablico "},{"@type":"MARC Header","@lang":"ab","@value":"=CAT  \\$aSENGER1$b30$c20200916$lSEN10$h2036 "},{"@type":"Equival\u00eancia CDDir","@lang":"ab","@value":"341.161 "}]}