{"tema_id":"8433","string":"Diss\u00eddio","created":"2020-09-18 17:43:35","code":null,"notes":[{"@type":"Defini\u00e7\u00e3o","@lang":"ab","@value":"Controv\u00e9rsia coletiva ou individual nas rela\u00e7\u00f5es trabalhistas, sujeita \u00e0 aprecia\u00e7\u00e3o da justi\u00e7a do trabalho (DINIZ). "},{"@type":"Defini\u00e7\u00e3o","@lang":"ab","@value":"Controv\u00e9rsia coletiva ou individual nas rela\u00e7\u00f5es trabalhistas, sujeita \u00e0 aprecia\u00e7\u00e3o da justi\u00e7a do trabalho. (VCB) "},{"@type":"MARC Header","@lang":"ab","@value":"=900  \\$aVCB "},{"@type":"MARC Header","@lang":"ab","@value":"=900  \\$aVCB$9vcetcu "},{"@type":"MARC Header","@lang":"ab","@value":"=901  SEN10000000000000000205079 "},{"@type":"MARC Header","@lang":"ab","@value":"=908  180920da|azn||babn\\\\\\\\\\\nana\\\\d "},{"@type":"MARC Header","@lang":"ab","@value":"=BAS  \\$a342.68 - Processo do Trabalho "},{"@type":"MARC Header","@lang":"ab","@value":"=BAS  \\$a364 - Assist\u00eancia Social, Previd\u00eancia Social e Trabalho$9basvce "},{"@type":"MARC Header","@lang":"ab","@value":"=CAT  \\$aSENGER1$b30$c20200916$lSEN10$h2037 "},{"@type":"Equival\u00eancia CDDir","@lang":"ab","@value":"342.68 "}]}