{"tema_id":"8741","string":"Passivo trabalhista","created":"2020-09-18 17:43:37","code":null,"notes":[{"@type":"Defini\u00e7\u00e3o","@lang":"ab","@value":"Passivo trabalhista\u00a0\u00e9 a soma das d\u00edvidas que s\u00e3o geradas quando um empregador, pessoa f\u00edsica ou jur\u00eddica, n\u00e3o cumpre suas obriga\u00e7\u00f5es\u00a0trabalhistas\u00a0ou n\u00e3o realiza o recolhimento correto dos encargos sociais. (http:\/\/employer.com.br\/blog\/8-praticas-de-gestao-de-pessoas-para-diminuir-o-passivo-trabalhista\/) "},{"@type":"MARC Header","@lang":"ab","@value":"=900  \\$aVCB$9vcetcu "},{"@type":"MARC Header","@lang":"ab","@value":"=901  SEN10000000000000000210764 "},{"@type":"MARC Header","@lang":"ab","@value":"=908  180920da|azn||babn\\\\\\\\\\\nana\\\\d "},{"@type":"MARC Header","@lang":"ab","@value":"=BAS  \\$a352.6 - Pessoal$9basvce "},{"@type":"MARC Header","@lang":"ab","@value":"=BAS  \\$a364 -\u00a0Assist\u00eancia Social, Previd\u00eancia Social e Trabalho$9basvce "},{"@type":"MARC Header","@lang":"ab","@value":"=CAT  \\$aSENGER1$b30$c20200916$lSEN10$h2039 "}]}