{"tema_id":"8772","string":"Contagem em dobro","created":"2020-09-18 17:43:38","code":null,"notes":[{"@type":"Defini\u00e7\u00e3o","@lang":"ab","@value":"Ainda que o servidor p\u00fablico n\u00e3o tenha completado o tempo de servi\u00e7o necess\u00e1rio para aposentar-se antes da Emenda Constitucional n\u00ba 20, de 15.12.98, tem direito adquirido (direito subjetivo) a contar em dobro, em conformidade com as leis anteriores, o tempo de servi\u00e7o correspondente \u00e0 licen\u00e7a-pr\u00eamio n\u00e3o gozada.$vSANTOS, Brasilino Pereira dos. Direito adquirido \u00e0 contagem em dobro da licen\u00e7a-pr\u00eamio "},{"@type":"MARC Header","@lang":"ab","@value":"=900  \\$aVCB$9vcetcu "},{"@type":"MARC Header","@lang":"ab","@value":"=901  SEN10000000000000000203602 "},{"@type":"MARC Header","@lang":"ab","@value":"=908  180920da|azn||babn\\\\\\\\\\\nana\\\\d "},{"@type":"MARC Header","@lang":"ab","@value":"=BAS  \\$a352.6 - Pessoal$9basvce "},{"@type":"MARC Header","@lang":"ab","@value":"=CAT  \\$aSENGER1$b30$c20200916$lSEN10$h2036 "}]}