{"tema_id":"9002","string":"Despedida coletiva","created":"2020-09-18 17:43:40","code":null,"notes":[{"@type":"Defini\u00e7\u00e3o","@lang":"ab","@value":"\"[...] rescis\u00e3o simult\u00e2nea, por motivo \u00fanico, de uma pluralidade de contratos de trabalho numa empresa, sem substitui\u00e7\u00e3o dos empregados dispensados\". (GOMES, Orlando. Dispensa coletiva na reestrutura\u00e7\u00e3o da empresa: aspectos jur\u00eddicos do desemprego tecnol\u00f3gico. S\u00e3o Paulo: LTr, 1974, p. 575) "},{"@type":"Defini\u00e7\u00e3o","@lang":"ab","@value":"[...] importa o desligamento simult\u00e2neo de n\u00famero significativo de empregados, movida a empresa por motivos econ\u00f4micos, tecnol\u00f3gicos, estruturais ou an\u00e1logos\". (PAULA, Carlos Alberto Reis de. Dispensa coletiva e negocia\u00e7\u00e3o. In: Revista TST, Bras\u00edlia, v. 77, n. 2, 209-217 p., abr.\/jun. 2011.) "},{"@type":"MARC Header","@lang":"ab","@value":"=900  \\$aVCB "},{"@type":"MARC Header","@lang":"ab","@value":"=901  SEN10000000000000000204606 "},{"@type":"MARC Header","@lang":"ab","@value":"=908  180920da|azn||babn\\\\\\\\\\\nana\\\\d "},{"@type":"MARC Header","@lang":"ab","@value":"=BAS  \\$a342.6 - Direito do Trabalho "},{"@type":"MARC Header","@lang":"ab","@value":"=CAT  \\$aSENGER1$b30$c20200916$lSEN10$h2036 "},{"@type":"Equival\u00eancia CDDir","@lang":"ab","@value":"342.6526 "}]}