{"tema_id":"9013","string":"Empregado p\u00fablico","created":"2020-09-18 17:43:40","code":null,"notes":[{"@type":"Defini\u00e7\u00e3o","@lang":"ab","@value":"S\u00e3o todos os titulares de emprego p\u00fablico (n\u00e3o de cargo p\u00fablico) da Administra\u00e7\u00e3o direta e indireta, sujeitos ao regime jur\u00eddico da CLT, da\u00ed serem chamados de \"celetistas\". N\u00e3o ocupam cargo p\u00fablico e sendo celetistas, n\u00e3o t\u00eam condi\u00e7\u00e3o de adquirir a estabilidade constitucional (CF, art. 41), nem podem ser submetidos ao regime de previd\u00eancia peculiar, como os titulares de cargo efetivo e os agentes pol\u00edticos.$vMEIRELLES, Hely Lopes. Direito Administrativo Brasileiro) VCETCU "},{"@type":"MARC Header","@lang":"ab","@value":"=900  \\$aVCB$9vcetcu "},{"@type":"MARC Header","@lang":"ab","@value":"=901  SEN10000000000000000205519 "},{"@type":"MARC Header","@lang":"ab","@value":"=908  180920da|azn||babn\\\\\\\\\\\nana\\\\d "},{"@type":"MARC Header","@lang":"ab","@value":"=BAS  \\$a341.3 - Direito Administrativo "},{"@type":"MARC Header","@lang":"ab","@value":"=BAS  \\$a350 - Administra\u00e7\u00e3o P\u00fablica$9basvce "},{"@type":"MARC Header","@lang":"ab","@value":"=CAT  \\$aSENGER1$b30$c20200916$lSEN10$h2037 "},{"@type":"Equival\u00eancia CDDir","@lang":"ab","@value":"341.3313 "}]}