{"tema_id":"9313","string":"Convoca\u00e7\u00e3o extraordin\u00e1ria","created":"2020-09-18 17:43:43","code":null,"notes":[{"@type":"Defini\u00e7\u00e3o","@lang":"ab","@value":"\u00c9 o funcionamento do Congresso Nacional fora do per\u00edodo da sess\u00e3o legislativa ordin\u00e1ria. A convoca\u00e7\u00e3o pode ser feita pelo presidente do Senado Federal, em caso de decreta\u00e7\u00e3o de Estado de Defesa ou de Interven\u00e7\u00e3o Federal, de pedido de autoriza\u00e7\u00e3o para a decreta\u00e7\u00e3o de Estado de S\u00edtio e para o compromisso e posse do presidente e do vice-presidente da Rep\u00fablica.$uhttps:\/\/www2.camara.leg.br\/comunicacao\/assessoria-de-imprensa\/convocacao-extraordinaria "},{"@type":"MARC Header","@lang":"ab","@value":"=900  \\$aVCB "},{"@type":"MARC Header","@lang":"ab","@value":"=901  SEN10000000000000000203823 "},{"@type":"MARC Header","@lang":"ab","@value":"=908  180920da|azn||babn\\\\\\\\\\\nana\\\\d "},{"@type":"MARC Header","@lang":"ab","@value":"=BAS  \\$a341.2 - Direito Constitucional "},{"@type":"MARC Header","@lang":"ab","@value":"=CAT  \\$aSENGER1$b30$c20200916$lSEN10$h2036 "}]}