{"tema_id":"932","string":"Acordo complementar","created":"2020-09-18 17:42:59","code":null,"notes":[{"@type":"Defini\u00e7\u00e3o","@lang":"ab","@value":"Ajuste ou acordo complementar: estabelece os termos de execu\u00e7\u00e3o de outro ato internacional. Tamb\u00e9m pode detalhar \u00e1reas espec\u00edficas de um ato. Em 2011, o Brasil e Alemanha assinaram, por exemplo, um ajuste complementar a um acordo de coopera\u00e7\u00e3o t\u00e9cnica nas \u00e1reas de florestas tropicais e efici\u00eancia energ\u00e9tica, em vigor desde 1996.$vPORTAL Brasil: atos internacionais. "},{"@type":"MARC Header","@lang":"ab","@value":"=900  \\$aVCB$9vcetcu "},{"@type":"MARC Header","@lang":"ab","@value":"=901  SEN10000000000000000200879 "},{"@type":"MARC Header","@lang":"ab","@value":"=908  180920da|azn||babn\\\\\\\\\\\nana\\\\d "},{"@type":"MARC Header","@lang":"ab","@value":"=BAS  \\$a327 - Rela\u00e7\u00f5es Exteriores$9basvce "},{"@type":"MARC Header","@lang":"ab","@value":"=CAT  \\$aSENGER1$b30$c20200916$lSEN10$h2035 "}]}