{"tema_id":"964","string":"Diss\u00eddio individual","created":"2020-09-18 17:42:59","code":null,"notes":[{"@type":"Defini\u00e7\u00e3o","@lang":"ab","@value":"Lit\u00edgio que envolve uma ou mais partes, ativa ou passivamente, conhecidas e definidas no processo e em que discutem direitos concretos e tamb\u00e9m definidos na lei ou em conven\u00e7\u00f5es coletivasou decis\u00f5es normativas. "},{"@type":"MARC Header","@lang":"ab","@value":"=900  \\$aVCB "},{"@type":"MARC Header","@lang":"ab","@value":"=900  \\$aVCB$9vcetcu "},{"@type":"MARC Header","@lang":"ab","@value":"=901  SEN10000000000000000205081 "},{"@type":"MARC Header","@lang":"ab","@value":"=908  180920da|azn||babn\\\\\\\\\\\nana\\\\d "},{"@type":"MARC Header","@lang":"ab","@value":"=BAS  \\$a342.68 - Processo do Trabalho "},{"@type":"MARC Header","@lang":"ab","@value":"=BAS  \\$a364 - Assist\u00eancia Social, Previd\u00eancia Social e Trabalho$9basvce "},{"@type":"MARC Header","@lang":"ab","@value":"=CAT  \\$aSENGER1$b30$c20200916$lSEN10$h2037 "},{"@type":"Equival\u00eancia CDDir","@lang":"ab","@value":"342.68 "}]}