{"tema_id":"9840","string":"Infra\u00e7\u00e3o de medida sanit\u00e1ria preventiva","created":"2020-09-18 17:43:50","code":null,"notes":[{"@type":"MARC Header","@lang":"ab","@value":"=900  \\$aVCB$9novos "},{"@type":"MARC Header","@lang":"ab","@value":"=901  SEN10000000000000000208580 "},{"@type":"MARC Header","@lang":"ab","@value":"=908  180920da|azn||babn\\\\\\\\\\\nana\\\\d "},{"@type":"MARC Header","@lang":"ab","@value":"=CAT  \\$aSENGER1$b30$c20200916$lSEN10$h2038 "}]}